{"id":30975,"date":"2019-03-25T11:28:26","date_gmt":"2019-03-25T10:28:26","guid":{"rendered":"https:\/\/initium.be\/maarten-bynens-neemt-genks-bedrijf-gmf-over\/"},"modified":"2025-01-07T10:05:32","modified_gmt":"2025-01-07T09:05:32","slug":"maarten-bynens-reprend-lentreprise-gmf-de-genk","status":"publish","type":"post","link":"https:\/\/initium.be\/fr\/maarten-bynens-reprend-lentreprise-gmf-de-genk\/","title":{"rendered":"Maarten Bynens reprend l&rsquo;entreprise GMF de Genk"},"content":{"rendered":"<div class=\"wpb-content-wrapper\"><p>[vc_row][vc_column][vc_column_text woodmart_inline=\u00a0\u00bbno\u00a0\u00bb text_larger=\u00a0\u00bbno\u00a0\u00bb]<\/p>\n<div class=\"article__intro\">\n<p>L&rsquo;entrepreneur <strong>Limburg<\/strong> <strong>Maarten Bynens<\/strong> reprend la soci\u00e9t\u00e9 <strong>Genk<\/strong> <strong>GMF<\/strong>. Cela signifie qu&rsquo;une perle technologique reste entre les mains des Limbourgeois. \u00ab\u00a0Malgr\u00e9 l&rsquo;int\u00e9r\u00eat de l&rsquo;\u00e9tranger\u00a0\u00bb, d\u00e9clare le propri\u00e9taire <strong>Luc Akkermans<\/strong>.<\/p>\n<div class=\"article__content\">\n<p>Le propri\u00e9taire Luk Akkermans avait fait de l&rsquo;ancrage dans la province une condition de la vente.<\/p>\n<p>GMF, l&rsquo;abr\u00e9viation de Genker Machinenfabriek, est sp\u00e9cialis\u00e9e dans le d\u00e9veloppement et la production d&rsquo;entra\u00eenements pour, entre autres, les grandes portes industrielles, les volets roulants, les couvertures de piscine et les portes coupe-feu. Il s&rsquo;agit d&rsquo;engrenages \u00e0 vis sans fin dits de haute puissance. L&rsquo;entreprise est \u00e0 peine connue dans notre province, mais dans son segment, GMF est parmi les cinq premiers en Europe. Pr\u00e8s des trois quarts du chiffre d&rsquo;affaires sont r\u00e9alis\u00e9s \u00e0 l&rsquo;\u00e9tranger. La technologie Limburg est pr\u00e9sente dans des projets tels que l&rsquo;Op\u00e9ra de Paris, la Johan Cruijff Arena, le tunnel sous la Manche, les grands navires de croisi\u00e8re, Ikea Russie et Audi Ingolstadt.<\/p>\n<p>GMF a \u00e9t\u00e9 fond\u00e9 dans les ann\u00e9es 1970 par le groupe allemand W&#038;H Neukirchen. Luk Akkermans y a commenc\u00e9 \u00e0 travailler \u00e0 l&rsquo;\u00e9poque en tant qu&rsquo;\u00e9tudiant, avant de reprendre l&rsquo;entreprise 22 ans plus tard via un MBO. Aujourd&rsquo;hui, GMF r\u00e9alise un chiffre d&rsquo;affaires de 6 millions d&rsquo;euros et emploie une trentaine de personnes. Cependant, Luk Akkermans, aujourd&rsquo;hui \u00e2g\u00e9 de 66 ans, a \u00e9t\u00e9 confront\u00e9 \u00e0 l&rsquo;absence de succession familiale et a donc commenc\u00e9 \u00e0 chercher un acheteur. Malgr\u00e9 l&rsquo;int\u00e9r\u00eat de l&rsquo;\u00e9tranger (qui voulait payer plus), le propri\u00e9taire a opt\u00e9 pour l&rsquo;offre de son concitoyen Maarten Bynens. L&rsquo;entrepreneur en s\u00e9rie de 36 ans reprend toutes les parts de sa holding industrielle Initium et en devient le directeur g\u00e9n\u00e9ral. Luk Akkermans restera actif pendant trois ann\u00e9es suppl\u00e9mentaires en tant que conseiller.<\/p>\n<\/div>\n<\/div>\n<p>[\/vc_column_text][\/vc_column][\/vc_row]<\/p>\n<\/div>","protected":false},"excerpt":{"rendered":"<p>[vc_row][vc_column][vc_column_text woodmart_inline=\u00a0\u00bbno\u00a0\u00bb text_larger=\u00a0\u00bbno\u00a0\u00bb] L&rsquo;entrepreneur Limburg Maarten Bynens reprend la soci\u00e9t\u00e9 Genk GMF. Cela signifie qu&rsquo;une perle technologique reste entre les<\/p>\n","protected":false},"author":1,"featured_media":30055,"comment_status":"closed","ping_status":"closed","sticky":false,"template":"","format":"standard","meta":{"_monsterinsights_skip_tracking":false,"_monsterinsights_sitenote_active":false,"_monsterinsights_sitenote_note":"","_monsterinsights_sitenote_category":0,"footnotes":""},"categories":[97],"tags":[],"class_list":["post-30975","post","type-post","status-publish","format-standard","has-post-thumbnail","hentry","category-nouvelles"],"_links":{"self":[{"href":"https:\/\/initium.be\/fr\/wp-json\/wp\/v2\/posts\/30975","targetHints":{"allow":["GET"]}}],"collection":[{"href":"https:\/\/initium.be\/fr\/wp-json\/wp\/v2\/posts"}],"about":[{"href":"https:\/\/initium.be\/fr\/wp-json\/wp\/v2\/types\/post"}],"author":[{"embeddable":true,"href":"https:\/\/initium.be\/fr\/wp-json\/wp\/v2\/users\/1"}],"replies":[{"embeddable":true,"href":"https:\/\/initium.be\/fr\/wp-json\/wp\/v2\/comments?post=30975"}],"version-history":[{"count":2,"href":"https:\/\/initium.be\/fr\/wp-json\/wp\/v2\/posts\/30975\/revisions"}],"predecessor-version":[{"id":30978,"href":"https:\/\/initium.be\/fr\/wp-json\/wp\/v2\/posts\/30975\/revisions\/30978"}],"wp:featuredmedia":[{"embeddable":true,"href":"https:\/\/initium.be\/fr\/wp-json\/wp\/v2\/media\/30055"}],"wp:attachment":[{"href":"https:\/\/initium.be\/fr\/wp-json\/wp\/v2\/media?parent=30975"}],"wp:term":[{"taxonomy":"category","embeddable":true,"href":"https:\/\/initium.be\/fr\/wp-json\/wp\/v2\/categories?post=30975"},{"taxonomy":"post_tag","embeddable":true,"href":"https:\/\/initium.be\/fr\/wp-json\/wp\/v2\/tags?post=30975"}],"curies":[{"name":"wp","href":"https:\/\/api.w.org\/{rel}","templated":true}]}}