{"id":24964,"date":"2023-05-03T18:52:23","date_gmt":"2023-05-03T16:52:23","guid":{"rendered":"https:\/\/initium.be\/?p=24964"},"modified":"2025-01-07T10:05:29","modified_gmt":"2025-01-07T09:05:29","slug":"une-transmission-dentreprise-bien-planifiee-apporte-la-tranquillite-desprit","status":"publish","type":"post","link":"https:\/\/initium.be\/fr\/une-transmission-dentreprise-bien-planifiee-apporte-la-tranquillite-desprit\/","title":{"rendered":"Une transmission d&rsquo;entreprise bien planifi\u00e9e apporte la tranquillit\u00e9 d&rsquo;esprit"},"content":{"rendered":"<div class=\"wpb-content-wrapper\"><p>[vc_row][vc_column][vc_column_text woodmart_inline=\u00a0\u00bbno\u00a0\u00bb text_larger=\u00a0\u00bbno\u00a0\u00bb]<strong>La transmission d&rsquo;entreprise est un v\u00e9ritable d\u00e9fi pour nos entrepreneurs flamands. Pr\u00e8s de 60 000 PME dont le dirigeant est \u00e2g\u00e9 de 55 ans ou plus sont confront\u00e9es \u00e0 un changement de g\u00e9n\u00e9ration dans les ann\u00e9es \u00e0 venir. Or, dans plus de la moiti\u00e9 de ces entreprises, les enfants indiquent qu&rsquo;ils ne souhaitent pas poursuivre l&rsquo;activit\u00e9. Ces entreprises doivent faire un choix : quitter l&rsquo;entreprise ou trouver un repreneur. La recherche d&rsquo;un repreneur appropri\u00e9 n&rsquo;est pas toujours facile. UNIZO s&rsquo;est entretenu avec Wim Verhoeven qui, il y a trois ans, a c\u00e9d\u00e9 son entreprise Decoline \u00e0 un groupe d&rsquo;investissement.<\/strong><\/p>\n<p>Depuis son si\u00e8ge \u00e0 Pelt, Decoline est un fabricant et distributeur de syst\u00e8mes de suspension de rideaux et de d\u00e9coration de fen\u00eatres de haute qualit\u00e9. L&rsquo;entreprise a \u00e9t\u00e9 fond\u00e9e en 1990 par Wim Verhoeven et reprise par le groupe d&rsquo;investissement Renardmont \u00e0 la fin de l&rsquo;ann\u00e9e 2019. Fait remarquable, l&rsquo;ancien propri\u00e9taire Wim Verhoeven est toujours actif aujourd&rsquo;hui en tant que membre du conseil d&rsquo;administration,<\/p>\n<p><strong>Un trou dans le march\u00e9<\/strong><br \/>\nVerhoeven commence comme sp\u00e9cialiste ind\u00e9pendant de la d\u00e9coration d&rsquo;int\u00e9rieur et grandit en devenant directeur g\u00e9n\u00e9ral d&rsquo;une solide PME. Tout cela en raison d&rsquo;un vide dans le march\u00e9 qu&rsquo;il a d\u00e9couvert au d\u00e9but des ann\u00e9es 1990. \u00ab\u00a0En tant que sp\u00e9cialiste de l&rsquo;am\u00e9nagement int\u00e9rieur, je me concentrais sur la d\u00e9coration des fen\u00eatres. Mais je ne trouvais pas mon bonheur dans les produits disponibles sur le march\u00e9 belge \u00e0 l&rsquo;\u00e9poque. J&rsquo;ai donc commenc\u00e9 \u00e0 chercher d&rsquo;autres fournisseurs \u00e0 l&rsquo;\u00e9tranger. D&rsquo;une chose, l&rsquo;enfer a suivi rapidement : je suis devenu distributeur en Belgique et j&rsquo;ai distribu\u00e9 ces produits \u00e0 mes coll\u00e8gues d\u00e9corateurs. C&rsquo;est ainsi qu&rsquo;est n\u00e9e Decoline\u00a0\u00bb.<\/p>\n<p>L&rsquo;entreprise a connu une croissance rapide au cours de ces premi\u00e8res ann\u00e9es et sa femme Chris a \u00e9galement rejoint l&rsquo;entreprise pour superviser les ressources humaines. \u00ab\u00a0En peu de temps, nous disposions d\u00e9j\u00e0 d&rsquo;un vaste r\u00e9seau de revendeurs et de plusieurs repr\u00e9sentants commerciaux. Nous avions deux atouts majeurs : les huiles \u00e9taient disponibles en stock et elles pouvaient \u00e9galement \u00eatre fabriqu\u00e9es sur mesure. Nous avons ainsi gagn\u00e9 la confiance des d\u00e9taillants et notre client\u00e8le s&rsquo;est rapidement \u00e9largie \u00e0 quelque 1 000 d\u00e9corateurs en Belgique.\u00a0\u00bb<\/p>\n<p><strong>Croissance en tant que fabricant de produits logistiques<\/strong><br \/>\nMalgr\u00e9 ce succ\u00e8s en tant que distributeur, M. Verhoeven reste un peu sur sa faim. \u00ab\u00a0Gr\u00e2ce \u00e0 ces bons contacts avec les revendeurs locaux, nous avions de nombreuses id\u00e9es pour am\u00e9liorer la gamme existante. Mais nos fournisseurs n&rsquo;\u00e9taient pas toujours d&rsquo;accord. C&rsquo;est pourquoi nous avons commenc\u00e9 \u00e0 d\u00e9velopper nos propres produits. De cette mani\u00e8re, nous avons pris une solide avance sur nos concurrents\u00a0\u00bb.<br \/>\nCela s&rsquo;est \u00e9galement traduit dans le chiffre d&rsquo;affaires de l&rsquo;entreprise. \u00ab\u00a0Nous sommes sur un march\u00e9 relativement stable et mature. Mais ce d\u00e9veloppement interne nous a permis d&rsquo;augmenter progressivement notre chiffre d&rsquo;affaires, qui a fini par atteindre 10 millions d&rsquo;euros par an. Mais cela est davantage li\u00e9 \u00e0 la croissance rapide de notre part de march\u00e9 en Belgique qu&rsquo;\u00e0 l&rsquo;augmentation de la demande. Vers 2010, la plus forte croissance a pris fin et notre chiffre d&rsquo;affaires s&rsquo;est \u00e9galement stabilis\u00e9. Nous comptions alors une soixantaine d&#8217;employ\u00e9s.[\/vc_column_text]\t\t<div id=\"wd-643652076890b\" class=\"wd-text-block wd-wpb reset-last-child wd-rs-643652076890b text-left \">\n\t\t\t<h3 style=\"text-align: center;\"><strong>\u00ab\u00a0\u00a0\u00bbMon objectif \u00e9tait d&rsquo;assurer l&rsquo;avenir de la soci\u00e9t\u00e9 en tant qu&rsquo;entreprise \u00e0 part enti\u00e8re et d&rsquo;obtenir des garanties pour le personnel.\u00a0\u00bb<\/strong><\/h3>\n\t\t<\/div>\n\t\t[vc_column_text woodmart_inline=\u00a0\u00bbno\u00a0\u00bb text_larger=\u00a0\u00bbno\u00a0\u00bb]<strong>Pas de changement de garde<\/strong><br \/>\nEn 2012 &#8211; Verhoeven a alors 55 ans &#8211; il commence \u00e0 r\u00e9fl\u00e9chir \u00e0 l&rsquo;avenir de l&rsquo;entreprise. \u00ab\u00a0En raison de cette croissance constante, je me sentais de plus en plus comme un manager plut\u00f4t que comme un d\u00e9veloppeur. Et \u00e9tais-je vraiment la personne la mieux plac\u00e9e pour cela ? Nous avons alors recrut\u00e9 un directeur g\u00e9n\u00e9ral externe pour la gestion g\u00e9n\u00e9rale. Mais cela n&rsquo;a pas \u00e9t\u00e9 un succ\u00e8s et, quelques ann\u00e9es plus tard, nous avons d\u00fb changer \u00e0 nouveau de cap. Je suis revenu \u00e0 plein temps et j&rsquo;ai eu beaucoup de travail \u00e0 faire pour corriger ce qui n&rsquo;allait pas. Mais \u00e0 ce moment-l\u00e0, j&rsquo;\u00e9tais \u00e0 nouveau plus \u00e2g\u00e9 et la question de la succession est devenue plus pertinente.<\/p>\n<p>\u00c0 l&rsquo;\u00e9poque, M. Verhoeven s&rsquo;effor\u00e7ait d&rsquo;int\u00e9resser ses deux enfants \u00e0 l&rsquo;entreprise familiale. \u00ab\u00a0Ma fille, par exemple, a si\u00e9g\u00e9 au conseil consultatif de l&rsquo;entreprise apr\u00e8s ses \u00e9tudes. Mais j&rsquo;ai vite remarqu\u00e9 que l&rsquo;int\u00e9r\u00eat r\u00e9el et la motivation intrins\u00e8que n&rsquo;\u00e9taient pas au rendez-vous. C&rsquo;est regrettable, mais il faut l&rsquo;accepter. Entre-temps, tous deux ont fait une belle carri\u00e8re ailleurs\u00a0\u00bb.<\/p>\n<p><strong>Un chemin difficile vers la reprise de l&rsquo;entreprise<\/strong><br \/>\nUne fois que la succession par les enfants a \u00e9t\u00e9 d\u00e9finitivement \u00e9cart\u00e9e, M. Verhoeven a explor\u00e9 la piste de la reprise de Decoline. \u00ab\u00a0J&rsquo;avais 60 ans et je sentais mon \u00e9nergie d\u00e9cliner. Nos collaborateurs s&rsquo;inqui\u00e9taient \u00e9galement de la continuit\u00e9 de l&rsquo;entreprise. Il \u00e9tait donc grand temps de passer \u00e0 la vitesse sup\u00e9rieure. J&rsquo;ai contact\u00e9 May, un expert externe, pour entamer un processus d&rsquo;acquisition. Mon objectif \u00e9tait d&rsquo;assurer l&rsquo;avenir de la soci\u00e9t\u00e9 en tant qu&rsquo;entreprise \u00e0 part enti\u00e8re et d&rsquo;obtenir des garanties pour le personnel\u00a0\u00bb.<\/p>\n<p>Et cela s&rsquo;est imm\u00e9diatement av\u00e9r\u00e9 \u00eatre la principale pierre d&rsquo;achoppement d&rsquo;une acquisition par un fabricant \u00e9tranger. \u00ab\u00a0Nous avons eu des entretiens avec plusieurs grandes entreprises. Mais \u00e0 chaque fois, il s&rsquo;est av\u00e9r\u00e9 qu&rsquo;elles \u00e9taient surtout int\u00e9ress\u00e9es par notre portefeuille de clients et qu&rsquo;elles voulaient se d\u00e9faire du reste. Ce qu&rsquo;elles d\u00e9crivaient comme une &lsquo;optimisation des synergies&rsquo; s&rsquo;est av\u00e9r\u00e9, dans la plupart des cas, \u00eatre une simple r\u00e9organisation. Pour moi, c&rsquo;\u00e9tait un refus cat\u00e9gorique. Plus tard, nous avons \u00e9galement eu des contacts avec nos homologues belges du secteur. Mais ces homologues \u00e9taient surtout int\u00e9ress\u00e9s par notre mod\u00e8le d&rsquo;entreprise. Et pour la plupart d&rsquo;entre eux, nous \u00e9tions tout simplement trop gros. Ils n&rsquo;osaient pas prendre le risque d&rsquo;une acquisition. Le processus s&rsquo;est donc arr\u00eat\u00e9 au bout d&rsquo;un certain temps\u00a0\u00bb.<\/p>\n<p><strong>L&rsquo;ancrage par l&rsquo;immobilier<\/strong><br \/>\nAlors que M. Verhoeven pensait devoir rester PDG pour toujours et trois jours, le projet de reprise a repris de la vigueur. \u00ab\u00a0J&rsquo;ai pris contact par l&rsquo;interm\u00e9diaire d&rsquo;un investisseur qui avait d\u00e9j\u00e0 plusieurs entreprises du secteur manufacturier dans son portefeuille. Il \u00e9tait \u00e0 la recherche d&rsquo;une acquisition dans un autre secteur. J&rsquo;ai eu un bon pressentiment et nous sommes rapidement pass\u00e9s \u00e0 l&rsquo;\u00e9tape suivante. Avec d&rsquo;autres investisseurs, il avait cr\u00e9\u00e9 la soci\u00e9t\u00e9 d&rsquo;investissement Renardmont et c&rsquo;est avec elle que nous avons finalement d\u00e9marr\u00e9 nos activit\u00e9s\u00a0\u00bb.<\/p>\n<p>Et ce nouveau groupe d&rsquo;investisseurs s&rsquo;est av\u00e9r\u00e9 int\u00e9ress\u00e9 par l&rsquo;ensemble du projet. \u00ab\u00a0Les autres candidats voulaient fermer les portes le plus vite possible. Mais mon intention \u00e9tait de maintenir Decoline \u00e0 Pelt, m\u00eame si les locaux appartenaient \u00e0 une autre soci\u00e9t\u00e9 que les activit\u00e9s commerciales. \u00c0 l&rsquo;origine, j&rsquo;avais pr\u00e9vu de ne pas inclure la propri\u00e9t\u00e9 dans la reprise et de louer les locaux commerciaux de l&rsquo;enfer au nouveau propri\u00e9taire. Mais ma femme m&rsquo;a fait changer d&rsquo;avis. Elle m&rsquo;a convaincu qu&rsquo;il valait mieux vendre le b\u00e2timent avec. En effet, en acqu\u00e9rant le bien, l&rsquo;acqu\u00e9reur r\u00e9aliserait \u00e9galement un investissement dans le site actuel. Et cela s&rsquo;est av\u00e9r\u00e9 \u00eatre la cl\u00e9 pour ancrer l&rsquo;activit\u00e9 de l&rsquo;enfer &#8211; litt\u00e9ralement &#8211; au niveau local\u00a0\u00bb.<\/p>\n<p><strong>Valeur et prix<\/strong><br \/>\nC&rsquo;est une loi d&rsquo;airain dans les acquisitions d&rsquo;entreprises : la valeur n&rsquo;est pas la m\u00eame chose que le prix. \u00ab\u00a0Au cours de l&rsquo;examen pr\u00e9alable (due diligence), l&rsquo;ensemble de l&rsquo;entreprise est pass\u00e9 au crible. Mais je suis fier de dire que, dans notre cas, tout s&rsquo;est d\u00e9roul\u00e9 correctement. La d\u00e9termination de la valeur et du prix de reprise est bien s\u00fbr une question complexe. En tant que propri\u00e9taire, je vois surtout la valeur des actifs. Un acqu\u00e9reur, quant \u00e0 lui, regarde le rendement et utilise un certain multiplicateur pour d\u00e9terminer son prix. En fin de compte, nous sommes parvenus \u00e0 un accord \u00e0 la fin de l&rsquo;ann\u00e9e 2019 sur lequel les deux parties \u00e9taient d&rsquo;accord.\u00a0\u00bb[\/vc_column_text]\t\t<div id=\"wd-64365217f3868\" class=\"wd-text-block wd-wpb reset-last-child wd-rs-64365217f3868 text-left \">\n\t\t\t<h3 style=\"text-align: center;\">\u00ab\u00a0En acqu\u00e9rant la propri\u00e9t\u00e9, l&rsquo;acqu\u00e9reur a fait un investissement dans le site actuel. Cet investissement s&rsquo;est av\u00e9r\u00e9 essentiel pour ancrer l&rsquo;entreprise au niveau local.\u00a0\u00bb<\/h3>\n\t\t<\/div>\n\t\t[vc_row_inner][vc_column_inner][vc_column_text woodmart_inline=\u00a0\u00bbno\u00a0\u00bb text_larger=\u00a0\u00bbno\u00a0\u00bb]<strong>Conserver l&rsquo;expertise<\/strong><br \/>\nContrat de vente sign\u00e9 ? En g\u00e9n\u00e9ral, les choses s&rsquo;arr\u00eatent l\u00e0 pour l&rsquo;acheteur. Mais pas dans ce cas. L&rsquo;entreprise nie uwe eige naar n&rsquo;a pas laiss\u00e9 tomber les connaissances et l&rsquo;exp\u00e9rience de Verhoeven et lui a demand\u00e9 de si\u00e9ger au conseil d&rsquo;administration. \u00ab\u00a0Jusqu&rsquo;au d\u00e9but de l&rsquo;ann\u00e9e 2020, j&rsquo;\u00e9tais encore PDG et, ces trois derni\u00e8res ann\u00e9es, j&rsquo;\u00e9tais effectivement actif en tant qu&rsquo;administrateur. Et r\u00e9cemment, on m&rsquo;a demand\u00e9 d&rsquo;ajouter trois ann\u00e9es suppl\u00e9mentaires. Je suis heureux d&rsquo;accepter, bien qu&rsquo;un chapitre soit clos. Je suis maintenant impliqu\u00e9 dans l&rsquo;entreprise d&rsquo;une autre mani\u00e8re et je peux aussi m&rsquo;en d\u00e9tacher davantage. En outre, j&rsquo;ai \u00e9galement une soci\u00e9t\u00e9 immobili\u00e8re, je reste donc actif.\u00a0\u00bb<\/p>\n<p>Aujourd&rsquo;hui, Decoline se porte toujours tr\u00e8s bien. \u00ab\u00a0L&rsquo;\u00e9pid\u00e9mie de corona a \u00e9t\u00e9 un choc pour tout le monde, mais r\u00e9trospectivement, cette p\u00e9riode nous a donn\u00e9 le vent en poupe. Les ann\u00e9es 2021 et 2022 ont \u00e9t\u00e9 tr\u00e8s bonnes. Le fait que ma femme et moi ayons mis l&rsquo;entreprise \u00e0 l&rsquo;abri nous rassure. Nous prenons \u00e9galement le temps de faire ce que nous ne faisions pas auparavant : voyager. Nous esp\u00e9rons donc en faire beaucoup dans les ann\u00e9es \u00e0 venir.\u00a0\u00bb[\/vc_column_text][\/vc_column_inner][\/vc_row_inner][\/vc_column][\/vc_row][vc_row][vc_column][vc_empty_space woodmart_hide_large=\u00a0\u00bb0&Prime; woodmart_hide_medium=\u00a0\u00bb0&Prime; woodmart_hide_small=\u00a0\u00bb0&Prime; woodmart_hide_extra_small=\u00a0\u00bb0\u00a0\u00bb][vc_row_inner][vc_column_inner]\n\t\t<div id=\"wd-64365228ab8c0\" class=\"title-wrapper wd-wpb wd-set-mb reset-last-child  wd-rs-64365228ab8c0 wd-title-color-default wd-title-style-overlined text-center  wd-underline-colored\">\n\t\t\t\n\t\t\t<div class=\"liner-continer\">\n\t\t\t\t<h4 class=\"woodmart-title-container title  wd-font-weight- wd-fontsize-l\" >ARTICLE CONNEXE<\/h4>\n\t\t\t\t\t\t\t<\/div>\n\t\t\t\n\t\t\t\n\t\t\t\n\t\t<\/div>\n\t\t\n\t\t<div id=\"wd-69f5fa7dca19f\" class=\"wd-blog-element wd-wpb\"><div class=\"wd-posts wd-blog-holder wd-grid-g\" data-paged=\"1\" data-atts=\"{&quot;carousel_id&quot;:&quot;5000&quot;,&quot;speed&quot;:&quot;5000&quot;,&quot;slides_per_view&quot;:&quot;3&quot;,&quot;slides_per_view_tablet&quot;:&quot;auto&quot;,&quot;slides_per_view_mobile&quot;:&quot;auto&quot;,&quot;wrap&quot;:&quot;&quot;,&quot;loop&quot;:false,&quot;autoplay&quot;:&quot;no&quot;,&quot;autoheight&quot;:&quot;no&quot;,&quot;hide_pagination_control&quot;:&quot;&quot;,&quot;hide_pagination_control_tablet&quot;:&quot;yes&quot;,&quot;hide_pagination_control_mobile&quot;:&quot;yes&quot;,&quot;dynamic_pagination_control&quot;:&quot;no&quot;,&quot;hide_prev_next_buttons&quot;:&quot;&quot;,&quot;hide_prev_next_buttons_tablet&quot;:&quot;&quot;,&quot;hide_prev_next_buttons_mobile&quot;:&quot;&quot;,&quot;carousel_arrows_position&quot;:&quot;&quot;,&quot;hide_scrollbar&quot;:&quot;yes&quot;,&quot;hide_scrollbar_tablet&quot;:&quot;yes&quot;,&quot;hide_scrollbar_mobile&quot;:&quot;yes&quot;,&quot;scroll_per_page&quot;:&quot;yes&quot;,&quot;dragEndSpeed&quot;:200,&quot;center_mode&quot;:&quot;no&quot;,&quot;custom_sizes&quot;:&quot;&quot;,&quot;sliding_speed&quot;:false,&quot;animation&quot;:false,&quot;content_animation&quot;:false,&quot;post_type&quot;:&quot;ids&quot;,&quot;slider&quot;:&quot;&quot;,&quot;library&quot;:&quot;&quot;,&quot;css&quot;:&quot;&quot;,&quot;effect&quot;:&quot;&quot;,&quot;spacing&quot;:&quot;&quot;,&quot;spacing_tablet&quot;:&quot;&quot;,&quot;spacing_mobile&quot;:&quot;&quot;,&quot;carousel_sync&quot;:&quot;&quot;,&quot;sync_parent_id&quot;:&quot;&quot;,&quot;sync_child_id&quot;:&quot;&quot;,&quot;scroll_carousel_init&quot;:&quot;no&quot;,&quot;disable_overflow_carousel&quot;:&quot;no&quot;,&quot;include&quot;:&quot;159&quot;,&quot;custom_query&quot;:&quot;&quot;,&quot;taxonomies&quot;:&quot;&quot;,&quot;pagination&quot;:&quot;&quot;,&quot;parts_media&quot;:true,&quot;parts_title&quot;:&quot;1&quot;,&quot;parts_meta&quot;:&quot;0&quot;,&quot;parts_text&quot;:&quot;0&quot;,&quot;parts_btn&quot;:&quot;1&quot;,&quot;parts_published_date&quot;:true,&quot;items_per_page&quot;:&quot;1&quot;,&quot;offset&quot;:&quot;&quot;,&quot;orderby&quot;:&quot;date&quot;,&quot;order&quot;:&quot;DESC&quot;,&quot;meta_key&quot;:&quot;&quot;,&quot;exclude&quot;:&quot;&quot;,&quot;class&quot;:&quot;&quot;,&quot;ajax_page&quot;:&quot;&quot;,&quot;img_size&quot;:&quot;medium&quot;,&quot;img_size_custom&quot;:[],&quot;blog_design&quot;:&quot;small-images&quot;,&quot;blog_masonry&quot;:false,&quot;blog_carousel_design&quot;:&quot;masonry&quot;,&quot;blog_columns&quot;:3,&quot;blog_columns_tablet&quot;:&quot;auto&quot;,&quot;blog_columns_mobile&quot;:&quot;auto&quot;,&quot;blog_spacing&quot;:&quot;30&quot;,&quot;blog_spacing_tablet&quot;:&quot;&quot;,&quot;blog_spacing_mobile&quot;:&quot;&quot;,&quot;lazy_loading&quot;:&quot;no&quot;,&quot;search&quot;:&quot;&quot;,&quot;woodmart_css_id&quot;:&quot;&quot;,&quot;element_title&quot;:&quot;&quot;,&quot;element_title_tag&quot;:&quot;h3&quot;,&quot;inner_content&quot;:&quot;&quot;,&quot;el_id&quot;:&quot;wd-69f5fa7dca19f&quot;,&quot;el_class&quot;:&quot;&quot;,&quot;wrapper_classes&quot;:&quot;&quot;}\" data-source=\"shortcode\">\n<article id=\"post-159\" class=\"wd-post blog-design-small-images blog-post-loop blog-style-bg wd-add-shadow wd-col post-159 post type-post status-publish format-standard has-post-thumbnail hentry category-nouvelles\">\n\t<div class=\"wd-post-inner article-inner\">\n\t\t\t\t\t<div class=\"wd-post-thumb entry-header\">\n\t\t\t\t\t\t\t\t\t<div class=\"wd-post-img post-img-wrapp\">\n\t\t\t\t\t\t<img loading=\"lazy\" decoding=\"async\" width=\"300\" height=\"212\" src=\"https:\/\/initium.be\/wp-content\/uploads\/Initiumgroepsfoto-300x212.jpg\" class=\"attachment-medium size-medium\" alt=\"\" srcset=\"https:\/\/initium.be\/wp-content\/uploads\/Initiumgroepsfoto-300x212.jpg 300w, https:\/\/initium.be\/wp-content\/uploads\/Initiumgroepsfoto-150x106.jpg 150w, https:\/\/initium.be\/wp-content\/uploads\/Initiumgroepsfoto-600x423.jpg 600w, https:\/\/initium.be\/wp-content\/uploads\/Initiumgroepsfoto-1024x723.jpg 1024w, https:\/\/initium.be\/wp-content\/uploads\/Initiumgroepsfoto-768x542.jpg 768w, https:\/\/initium.be\/wp-content\/uploads\/Initiumgroepsfoto.jpg 1261w\" sizes=\"auto, (max-width: 300px) 100vw, 300px\" \/>\t\t\t\t\t<\/div>\n\t\t\t\t\t\t\t\t\t\t<a class=\"wd-fill\" tabindex=\"-1\" href=\"https:\/\/initium.be\/fr\/11-entrepreneurs-limbourgeois-creent-un-fonds-dinvestissement\/\" aria-label=\"Link on post 11 entrepreneurs limbourgeois cr\u00e9ent un fonds d&rsquo;investissement\"><\/a>\n\t\t\t\t\n\t\t\t\t\t\t\t\t\t\t\t\t<div class=\"wd-post-date wd-style-with-bg\">\n\t\t\t\t<span class=\"post-date-day\">\n\t\t\t\t\t23\t\t\t\t<\/span>\n\t\t\t\t<span class=\"post-date-month\">\n\t\t\t\t\tD\u00e9c\t\t\t\t<\/span>\n\t\t\t<\/div>\n\t\t\t\t\t\t\t\t\t<\/div>\n\t\t\n\t\t<div class=\"wd-post-content article-body-container\">\n\t\t\t\n\t\t\t\t\t\t\t<h3 class=\"wd-post-title wd-entities-title title post-title\">\n\t\t\t\t\t<a href=\"https:\/\/initium.be\/fr\/11-entrepreneurs-limbourgeois-creent-un-fonds-dinvestissement\/\" rel=\"bookmark\">11 entrepreneurs limbourgeois cr\u00e9ent un fonds d&rsquo;investissement<\/a>\n\t\t\t\t<\/h3>\n\t\t\t\n\t\t\t\n\t\t\t\t\t\t\t\n\t\t\t\t\t\t\t\t\t\t\t\t\t\t<div class=\"wd-post-read-more wd-style-link read-more-section\">\n\t\t\t\t\t\t<a class=\"\" href=\"https:\/\/initium.be\/fr\/11-entrepreneurs-limbourgeois-creent-un-fonds-dinvestissement\/\">continuer \u00e0 lire<\/a>\t\t\t\t\t<\/div>\n\t\t\t\t\t\t\t\t\t\t\t\t\t<\/div>\n\t<\/div>\n<\/article>\n\n<\/div><\/div>[\/vc_column_inner][\/vc_row_inner][\/vc_column][\/vc_row]<\/p>\n<\/div>","protected":false},"excerpt":{"rendered":"<p>[vc_row][vc_column][vc_column_text woodmart_inline=\u00a0\u00bbno\u00a0\u00bb text_larger=\u00a0\u00bbno\u00a0\u00bb]La transmission d&rsquo;entreprise est un v\u00e9ritable d\u00e9fi pour nos entrepreneurs flamands. Pr\u00e8s de 60 000 PME dont le<\/p>\n","protected":false},"author":1,"featured_media":24944,"comment_status":"closed","ping_status":"closed","sticky":false,"template":"","format":"standard","meta":{"_monsterinsights_skip_tracking":false,"_monsterinsights_sitenote_active":false,"_monsterinsights_sitenote_note":"","_monsterinsights_sitenote_category":0,"footnotes":""},"categories":[97],"tags":[],"class_list":["post-24964","post","type-post","status-publish","format-standard","has-post-thumbnail","hentry","category-nouvelles"],"_links":{"self":[{"href":"https:\/\/initium.be\/fr\/wp-json\/wp\/v2\/posts\/24964","targetHints":{"allow":["GET"]}}],"collection":[{"href":"https:\/\/initium.be\/fr\/wp-json\/wp\/v2\/posts"}],"about":[{"href":"https:\/\/initium.be\/fr\/wp-json\/wp\/v2\/types\/post"}],"author":[{"embeddable":true,"href":"https:\/\/initium.be\/fr\/wp-json\/wp\/v2\/users\/1"}],"replies":[{"embeddable":true,"href":"https:\/\/initium.be\/fr\/wp-json\/wp\/v2\/comments?post=24964"}],"version-history":[{"count":1,"href":"https:\/\/initium.be\/fr\/wp-json\/wp\/v2\/posts\/24964\/revisions"}],"predecessor-version":[{"id":27513,"href":"https:\/\/initium.be\/fr\/wp-json\/wp\/v2\/posts\/24964\/revisions\/27513"}],"wp:featuredmedia":[{"embeddable":true,"href":"https:\/\/initium.be\/fr\/wp-json\/wp\/v2\/media\/24944"}],"wp:attachment":[{"href":"https:\/\/initium.be\/fr\/wp-json\/wp\/v2\/media?parent=24964"}],"wp:term":[{"taxonomy":"category","embeddable":true,"href":"https:\/\/initium.be\/fr\/wp-json\/wp\/v2\/categories?post=24964"},{"taxonomy":"post_tag","embeddable":true,"href":"https:\/\/initium.be\/fr\/wp-json\/wp\/v2\/tags?post=24964"}],"curies":[{"name":"wp","href":"https:\/\/api.w.org\/{rel}","templated":true}]}}